{"id":1089,"date":"2022-06-12T13:36:39","date_gmt":"2022-06-12T11:36:39","guid":{"rendered":"https:\/\/www.uhlenflug-peine.de\/?p=1089"},"modified":"2022-07-31T21:01:23","modified_gmt":"2022-07-31T19:01:23","slug":"flugtag-am-10-11-september-2022","status":"publish","type":"post","link":"https:\/\/www.uhlenflug-peine.de\/?p=1089","title":{"rendered":"Flugtag am 10.\/11. September 2022"},"content":{"rendered":"\n<h2 class=\"wp-block-heading\">Flugtag am 10. &#8211; 11. September 2022<\/h2>\n\n\n\n<figure class=\"wp-block-image size-full\"><a href=\"https:\/\/www.uhlenflug-peine.de\/wp-content\/uploads\/2022\/07\/E3D56585-07FE-48F1-89E0-CD9018CA17FF.jpeg\"><img loading=\"lazy\" decoding=\"async\" width=\"595\" height=\"842\" src=\"https:\/\/www.uhlenflug-peine.de\/wp-content\/uploads\/2022\/07\/E3D56585-07FE-48F1-89E0-CD9018CA17FF.jpeg\" alt=\"\" class=\"wp-image-1100\" srcset=\"https:\/\/www.uhlenflug-peine.de\/wp-content\/uploads\/2022\/07\/E3D56585-07FE-48F1-89E0-CD9018CA17FF.jpeg 595w, https:\/\/www.uhlenflug-peine.de\/wp-content\/uploads\/2022\/07\/E3D56585-07FE-48F1-89E0-CD9018CA17FF-212x300.jpeg 212w\" sizes=\"auto, (max-width: 595px) 100vw, 595px\" \/><\/a><\/figure>\n\n\n\n<p>Nach 11 j\u00e4hriger Pause veranstaltet der Uhlenflug Peine e.V. am 10. &#8211; 11. September 2022 wieder einen Flugtag.<\/p>\n\n\n\n<p>F\u00fcr unsere G\u00e4ste planen wir zwei spannende Tage rund um den Luftsport. Nat\u00fcrlich gibt es auch wieder die M\u00f6glichkeit, in einem Rundflug einmal selbst \u00fcber Peine unterwegs zu sein.<\/p>\n\n\n\n<p>Neben Bratwurst und S\u00fc\u00dfigkeiten bietet unsere Vereins-Cafeteria selbstgebackenen Kuchen an. <\/p>\n\n\n\n<p>Auf <a href=\"http:\/\/Www.flugtag-peine.de\" data-type=\"URL\" data-id=\"Www.flugtag-peine.de\">www.flugtag-peine.de<\/a> findet ihr alle Infos.<\/p>\n","protected":false},"excerpt":{"rendered":"<p>Flugtag am 10. &#8211; 11. September 2022 Nach 11 j\u00e4hriger Pause veranstaltet der Uhlenflug Peine e.V. am 10. &#8211; 11. September 2022 wieder einen Flugtag. F\u00fcr unsere G\u00e4ste planen wir zwei spannende Tage rund um den Luftsport. Nat\u00fcrlich gibt es auch wieder die M\u00f6glichkeit, in einem Rundflug einmal selbst \u00fcber Peine unterwegs zu sein. Neben [&hellip;]<\/p>\n","protected":false},"author":122,"featured_media":0,"comment_status":"closed","ping_status":"closed","sticky":false,"template":"","format":"aside","meta":{"_bbp_topic_count":0,"_bbp_reply_count":0,"_bbp_total_topic_count":0,"_bbp_total_reply_count":0,"_bbp_voice_count":0,"_bbp_anonymous_reply_count":0,"_bbp_topic_count_hidden":0,"_bbp_reply_count_hidden":0,"_bbp_forum_subforum_count":0,"footnotes":""},"categories":[1],"tags":[],"class_list":["post-1089","post","type-post","status-publish","format-aside","hentry","category-uncategorized","post_format-post-format-aside"],"_links":{"self":[{"href":"https:\/\/www.uhlenflug-peine.de\/index.php?rest_route=\/wp\/v2\/posts\/1089","targetHints":{"allow":["GET"]}}],"collection":[{"href":"https:\/\/www.uhlenflug-peine.de\/index.php?rest_route=\/wp\/v2\/posts"}],"about":[{"href":"https:\/\/www.uhlenflug-peine.de\/index.php?rest_route=\/wp\/v2\/types\/post"}],"author":[{"embeddable":true,"href":"https:\/\/www.uhlenflug-peine.de\/index.php?rest_route=\/wp\/v2\/users\/122"}],"replies":[{"embeddable":true,"href":"https:\/\/www.uhlenflug-peine.de\/index.php?rest_route=%2Fwp%2Fv2%2Fcomments&post=1089"}],"version-history":[{"count":5,"href":"https:\/\/www.uhlenflug-peine.de\/index.php?rest_route=\/wp\/v2\/posts\/1089\/revisions"}],"predecessor-version":[{"id":1101,"href":"https:\/\/www.uhlenflug-peine.de\/index.php?rest_route=\/wp\/v2\/posts\/1089\/revisions\/1101"}],"wp:attachment":[{"href":"https:\/\/www.uhlenflug-peine.de\/index.php?rest_route=%2Fwp%2Fv2%2Fmedia&parent=1089"}],"wp:term":[{"taxonomy":"category","embeddable":true,"href":"https:\/\/www.uhlenflug-peine.de\/index.php?rest_route=%2Fwp%2Fv2%2Fcategories&post=1089"},{"taxonomy":"post_tag","embeddable":true,"href":"https:\/\/www.uhlenflug-peine.de\/index.php?rest_route=%2Fwp%2Fv2%2Ftags&post=1089"}],"curies":[{"name":"wp","href":"https:\/\/api.w.org\/{rel}","templated":true}]}}